{"id":1,"date":"2024-10-04T23:22:00","date_gmt":"2024-10-04T23:22:00","guid":{"rendered":"http:\/\/srommgv.cluster027.hosting.ovh.net\/?p=1"},"modified":"2024-12-17T08:15:47","modified_gmt":"2024-12-17T08:15:47","slug":"spotkanie","status":"publish","type":"post","link":"https:\/\/klimatycznygoraj.pl\/index.php\/2024\/10\/04\/spotkanie\/","title":{"rendered":"Warsztaty z adaptacji do zmian klimatu \u2013 4 pa\u017adziernika 2024"},"content":{"rendered":"\n<p>4 pa\u017adziernika w godzinach 10:00-13:00 oraz 16.00 &#8211; 18.00 w Sali Urz\u0119du Miejskiego w Goraju odby\u0142y si\u0119 Warsztaty z adaptacji do zmian klimatu.<\/p>\n\n\n\n<p>Celem warsztat\u00f3w by\u0142a rozmowa o wyst\u0119puj\u0105cych ryzykach i zagro\u017ceniach dla miasta w zakresie zmian klimatu, a tak\u017ce om\u00f3wienie dzia\u0142a\u0144 i \u015brodk\u00f3w zaradczych w tym zakresie.<\/p>\n\n\n\n<p>Dzi\u0119kujemy za udzia\u0142 w warsztatach.<\/p>\n\n\n\n<p>#FunduszeUE<\/p>\n\n\n\n<figure class=\"wp-block-image size-large\"><img loading=\"lazy\" decoding=\"async\" width=\"4096\" height=\"2731\" src=\"http:\/\/srommgv.cluster027.hosting.ovh.net\/wp-content\/uploads\/2024\/12\/DSC_0047-4096x2731.jpg\" alt=\"Warsztaty 4 pa\u017adziernika\" class=\"wp-image-138\" srcset=\"https:\/\/klimatycznygoraj.pl\/wp-content\/uploads\/2024\/12\/DSC_0047-4096x2731.jpg 4096w, https:\/\/klimatycznygoraj.pl\/wp-content\/uploads\/2024\/12\/DSC_0047-300x200.jpg 300w, https:\/\/klimatycznygoraj.pl\/wp-content\/uploads\/2024\/12\/DSC_0047-768x512.jpg 768w, https:\/\/klimatycznygoraj.pl\/wp-content\/uploads\/2024\/12\/DSC_0047-1536x1024.jpg 1536w, https:\/\/klimatycznygoraj.pl\/wp-content\/uploads\/2024\/12\/DSC_0047-2048x1365.jpg 2048w\" sizes=\"auto, (max-width: 4096px) 100vw, 4096px\" \/><\/figure>\n","protected":false},"excerpt":{"rendered":"<p>4 pa\u017adziernika w godzinach 10:00-13:00 oraz 16.00 &#8211; 18.00 w Sali Urz\u0119du Miejskiego w Goraju odby\u0142y si\u0119 Warsztaty z adaptacji do zmian klimatu. Celem warsztat\u00f3w by\u0142a rozmowa o wyst\u0119puj\u0105cych ryzykach i zagro\u017ceniach dla miasta w zakresie zmian klimatu, a tak\u017ce om\u00f3wienie dzia\u0142a\u0144 i \u015brodk\u00f3w zaradczych w tym zakresie. Dzi\u0119kujemy za udzia\u0142 w warsztatach. #FunduszeUE<\/p>\n","protected":false},"author":1,"featured_media":137,"comment_status":"closed","ping_status":"closed","sticky":false,"template":"","format":"standard","meta":{"_kadence_starter_templates_imported_post":false,"footnotes":""},"categories":[1],"tags":[],"class_list":["post-1","post","type-post","status-publish","format-standard","has-post-thumbnail","hentry","category-ogolna"],"_links":{"self":[{"href":"https:\/\/klimatycznygoraj.pl\/index.php\/wp-json\/wp\/v2\/posts\/1","targetHints":{"allow":["GET"]}}],"collection":[{"href":"https:\/\/klimatycznygoraj.pl\/index.php\/wp-json\/wp\/v2\/posts"}],"about":[{"href":"https:\/\/klimatycznygoraj.pl\/index.php\/wp-json\/wp\/v2\/types\/post"}],"author":[{"embeddable":true,"href":"https:\/\/klimatycznygoraj.pl\/index.php\/wp-json\/wp\/v2\/users\/1"}],"replies":[{"embeddable":true,"href":"https:\/\/klimatycznygoraj.pl\/index.php\/wp-json\/wp\/v2\/comments?post=1"}],"version-history":[{"count":8,"href":"https:\/\/klimatycznygoraj.pl\/index.php\/wp-json\/wp\/v2\/posts\/1\/revisions"}],"predecessor-version":[{"id":147,"href":"https:\/\/klimatycznygoraj.pl\/index.php\/wp-json\/wp\/v2\/posts\/1\/revisions\/147"}],"wp:featuredmedia":[{"embeddable":true,"href":"https:\/\/klimatycznygoraj.pl\/index.php\/wp-json\/wp\/v2\/media\/137"}],"wp:attachment":[{"href":"https:\/\/klimatycznygoraj.pl\/index.php\/wp-json\/wp\/v2\/media?parent=1"}],"wp:term":[{"taxonomy":"category","embeddable":true,"href":"https:\/\/klimatycznygoraj.pl\/index.php\/wp-json\/wp\/v2\/categories?post=1"},{"taxonomy":"post_tag","embeddable":true,"href":"https:\/\/klimatycznygoraj.pl\/index.php\/wp-json\/wp\/v2\/tags?post=1"}],"curies":[{"name":"wp","href":"https:\/\/api.w.org\/{rel}","templated":true}]}}